{"id":69,"date":"2024-07-08T18:09:14","date_gmt":"2024-07-08T16:09:14","guid":{"rendered":"https:\/\/ateliero.fr\/blog\/?p=69"},"modified":"2024-07-08T18:09:14","modified_gmt":"2024-07-08T16:09:14","slug":"en-vacances","status":"publish","type":"post","link":"https:\/\/ateliero.fr\/blog\/2024\/07\/08\/en-vacances\/","title":{"rendered":"EN VACANCES"},"content":{"rendered":"\n<p>L&rsquo;atelier sera ferm\u00e9 pendant les vacances d&rsquo;\u00e9t\u00e9 du 15 juillet au 18 ao\u00fbt 2024.<\/p>\n\n\n\n<p>Les ateliers reprendront en septembre, nous ne manquerons pas de vous communiquer les dates ainsi que le programme en temps voulu.<\/p>\n\n\n\n<figure class=\"wp-block-image size-large\"><img loading=\"lazy\" decoding=\"async\" width=\"1024\" height=\"538\" src=\"https:\/\/ateliero.fr\/blog\/wp-content\/uploads\/2024\/07\/la-galerie-fermera-pour-les-vacances-1024x538.jpeg\" alt=\"\" class=\"wp-image-70\" srcset=\"https:\/\/ateliero.fr\/blog\/wp-content\/uploads\/2024\/07\/la-galerie-fermera-pour-les-vacances-1024x538.jpeg 1024w, https:\/\/ateliero.fr\/blog\/wp-content\/uploads\/2024\/07\/la-galerie-fermera-pour-les-vacances-300x158.jpeg 300w, https:\/\/ateliero.fr\/blog\/wp-content\/uploads\/2024\/07\/la-galerie-fermera-pour-les-vacances-768x403.jpeg 768w, https:\/\/ateliero.fr\/blog\/wp-content\/uploads\/2024\/07\/la-galerie-fermera-pour-les-vacances.jpeg 1200w\" sizes=\"auto, (max-width: 1024px) 100vw, 1024px\" \/><\/figure>\n","protected":false},"excerpt":{"rendered":"<p>L&rsquo;atelier sera ferm\u00e9 pendant les vacances d&rsquo;\u00e9t\u00e9 du 15 juillet au 18 ao\u00fbt 2024. Les ateliers reprendront en septembre, nous ne manquerons pas de vous communiquer les dates ainsi que le programme en temps voulu.<\/p>\n","protected":false},"author":1,"featured_media":0,"comment_status":"open","ping_status":"open","sticky":false,"template":"","format":"standard","meta":{"footnotes":""},"categories":[2],"tags":[],"class_list":["post-69","post","type-post","status-publish","format-standard","hentry","category-annonce"],"_links":{"self":[{"href":"https:\/\/ateliero.fr\/blog\/wp-json\/wp\/v2\/posts\/69","targetHints":{"allow":["GET"]}}],"collection":[{"href":"https:\/\/ateliero.fr\/blog\/wp-json\/wp\/v2\/posts"}],"about":[{"href":"https:\/\/ateliero.fr\/blog\/wp-json\/wp\/v2\/types\/post"}],"author":[{"embeddable":true,"href":"https:\/\/ateliero.fr\/blog\/wp-json\/wp\/v2\/users\/1"}],"replies":[{"embeddable":true,"href":"https:\/\/ateliero.fr\/blog\/wp-json\/wp\/v2\/comments?post=69"}],"version-history":[{"count":1,"href":"https:\/\/ateliero.fr\/blog\/wp-json\/wp\/v2\/posts\/69\/revisions"}],"predecessor-version":[{"id":71,"href":"https:\/\/ateliero.fr\/blog\/wp-json\/wp\/v2\/posts\/69\/revisions\/71"}],"wp:attachment":[{"href":"https:\/\/ateliero.fr\/blog\/wp-json\/wp\/v2\/media?parent=69"}],"wp:term":[{"taxonomy":"category","embeddable":true,"href":"https:\/\/ateliero.fr\/blog\/wp-json\/wp\/v2\/categories?post=69"},{"taxonomy":"post_tag","embeddable":true,"href":"https:\/\/ateliero.fr\/blog\/wp-json\/wp\/v2\/tags?post=69"}],"curies":[{"name":"wp","href":"https:\/\/api.w.org\/{rel}","templated":true}]}}